{"id":2404,"date":"2025-03-24T18:11:08","date_gmt":"2025-03-24T17:11:08","guid":{"rendered":"https:\/\/www.ipa-nuernberg.de\/startseite\/?p=2404"},"modified":"2025-03-24T18:12:11","modified_gmt":"2025-03-24T17:12:11","slug":"die-ipa-begeistert-auf-der-enforcetac-in-nuernberg","status":"publish","type":"post","link":"https:\/\/www.ipa-nuernberg.de\/startseite\/die-ipa-begeistert-auf-der-enforcetac-in-nuernberg\/","title":{"rendered":"Die IPA begeistert auf der EnforceTac in N\u00fcrnberg"},"content":{"rendered":"<p>Auf der EnforceTac 2025 in N\u00fcrnberg mit einem starken Messestand und vielen begeisternden Gespr\u00e4chen. Zahlreiche IPA Freundinnen und Freunde aus der ganzen Welt nutzten den Austausch, und das Interesse an der IPA war riesig.<\/p>\n<p>Dank des engagierten Einsatzes der IPA N\u00fcrnberg, IPA M\u00fcnchen und IPA Regensburg war der Stand stets gut betreut. Das Ergebnis spricht f\u00fcr sich:\u00a0<strong>\u00dcber 40 neue Mitglieder konnten f\u00fcr verschiedene Landesgruppen\u00a0<\/strong><b>gewonnen werden!<\/b><\/p>\n<p>Neben der direkten Information \u00fcber die vielf\u00e4ltigen Angebote der IPA war die Messe auch medial ein voller Erfolg. Zwei Kamerateams besuchten die IPA und f\u00fchrten mit dem Pr\u00e4sidenten der IPA Deutschland, Philipp Kurz, Interviews zum internationalen Engagement und der Bedeutung der IPA f\u00fcr Polizeiangeh\u00f6rige weltweit.<\/p>\n<p>Die positive Resonanz hat \u00fcberzeugt: Der Messestand f\u00fcr das kommende Jahr ist bereits gesichert. Die IPA freut sich schon jetzt auf ein Wiedersehen in N\u00fcrnberg.<\/p>\n<p>(Originalbeitrag aus dem IPA-Magazin (Text: Philipp Kurz, Foto: IPA N\u00fcrnberg)<\/p>\n<p><img loading=\"lazy\" decoding=\"async\" class=\" wp-image-2405 aligncenter\" src=\"https:\/\/www.ipa-nuernberg.de\/wp-content\/uploads\/2025\/03\/916e136a-5f0c-4f20-a808-322fa39c2af3-225x300.jpeg\" alt=\"\" width=\"423\" height=\"564\" srcset=\"https:\/\/www.ipa-nuernberg.de\/wp-content\/uploads\/2025\/03\/916e136a-5f0c-4f20-a808-322fa39c2af3-225x300.jpeg 225w, https:\/\/www.ipa-nuernberg.de\/wp-content\/uploads\/2025\/03\/916e136a-5f0c-4f20-a808-322fa39c2af3-768x1024.jpeg 768w, https:\/\/www.ipa-nuernberg.de\/wp-content\/uploads\/2025\/03\/916e136a-5f0c-4f20-a808-322fa39c2af3-1152x1536.jpeg 1152w, https:\/\/www.ipa-nuernberg.de\/wp-content\/uploads\/2025\/03\/916e136a-5f0c-4f20-a808-322fa39c2af3-1536x2048.jpeg 1536w, https:\/\/www.ipa-nuernberg.de\/wp-content\/uploads\/2025\/03\/916e136a-5f0c-4f20-a808-322fa39c2af3-113x150.jpeg 113w\" sizes=\"auto, (max-width: 423px) 100vw, 423px\" \/><\/p>\n","protected":false},"excerpt":{"rendered":"<p>Auf der EnforceTac 2025 in N\u00fcrnberg mit einem starken Messestand und vielen begeisternden Gespr\u00e4chen. Zahlreiche IPA Freundinnen und Freunde aus der ganzen Welt nutzten den Austausch, und das Interesse an der IPA war riesig. Dank des engagierten Einsatzes der IPA N\u00fcrnberg, IPA M\u00fcnchen und IPA Regensburg war der Stand stets\u2026<\/p>\n<p class=\"continue-reading-button\"> <a class=\"continue-reading-link\" href=\"https:\/\/www.ipa-nuernberg.de\/startseite\/die-ipa-begeistert-auf-der-enforcetac-in-nuernberg\/\">weiter lesen &#8230;<i class=\"crycon-right-dir\"><\/i><\/a><\/p>\n","protected":false},"author":263,"featured_media":0,"comment_status":"closed","ping_status":"open","sticky":false,"template":"","format":"standard","meta":{"footnotes":""},"categories":[1],"tags":[],"class_list":["post-2404","post","type-post","status-publish","format-standard","hentry","category-uncategorized"],"aioseo_notices":[],"_links":{"self":[{"href":"https:\/\/www.ipa-nuernberg.de\/startseite\/wp-json\/wp\/v2\/posts\/2404","targetHints":{"allow":["GET"]}}],"collection":[{"href":"https:\/\/www.ipa-nuernberg.de\/startseite\/wp-json\/wp\/v2\/posts"}],"about":[{"href":"https:\/\/www.ipa-nuernberg.de\/startseite\/wp-json\/wp\/v2\/types\/post"}],"author":[{"embeddable":true,"href":"https:\/\/www.ipa-nuernberg.de\/startseite\/wp-json\/wp\/v2\/users\/263"}],"replies":[{"embeddable":true,"href":"https:\/\/www.ipa-nuernberg.de\/startseite\/wp-json\/wp\/v2\/comments?post=2404"}],"version-history":[{"count":3,"href":"https:\/\/www.ipa-nuernberg.de\/startseite\/wp-json\/wp\/v2\/posts\/2404\/revisions"}],"predecessor-version":[{"id":2408,"href":"https:\/\/www.ipa-nuernberg.de\/startseite\/wp-json\/wp\/v2\/posts\/2404\/revisions\/2408"}],"wp:attachment":[{"href":"https:\/\/www.ipa-nuernberg.de\/startseite\/wp-json\/wp\/v2\/media?parent=2404"}],"wp:term":[{"taxonomy":"category","embeddable":true,"href":"https:\/\/www.ipa-nuernberg.de\/startseite\/wp-json\/wp\/v2\/categories?post=2404"},{"taxonomy":"post_tag","embeddable":true,"href":"https:\/\/www.ipa-nuernberg.de\/startseite\/wp-json\/wp\/v2\/tags?post=2404"}],"curies":[{"name":"wp","href":"https:\/\/api.w.org\/{rel}","templated":true}]}}